{"id":16741,"date":"2024-01-10T11:57:59","date_gmt":"2024-01-10T16:57:59","guid":{"rendered":"https:\/\/atlasveterans.ca\/?p=16741"},"modified":"2025-06-11T15:14:59","modified_gmt":"2025-06-11T19:14:59","slug":"une-force-pour-les-femmes","status":"publish","type":"post","link":"https:\/\/atlasveterans.ca\/fr\/perspectives\/une-force-pour-les-femmes\/","title":{"rendered":"Une force pour les femmes"},"content":{"rendered":"<div class=\"wpb-content-wrapper\"><p>[vc_row row_padding_bottom=\u00a0\u00bbsmall\u00a0\u00bb][vc_column][vc_column_text]<\/p>\n<figure id=\"attachment_16734\" aria-describedby=\"caption-attachment-16734\" style=\"width: 199px\" class=\"wp-caption alignright\"><img loading=\"lazy\" decoding=\"async\" class=\"wp-image-16734 size-medium\" src=\"https:\/\/atlasveterans.ca\/wp-content\/uploads\/2024\/01\/Nancy-Taber-Headshot-199x300.jpg\" alt=\"Nancy Taber\" width=\"199\" height=\"300\" srcset=\"https:\/\/atlasveterans.ca\/wp-content\/uploads\/2024\/01\/Nancy-Taber-Headshot-199x300.jpg 199w, https:\/\/atlasveterans.ca\/wp-content\/uploads\/2024\/01\/Nancy-Taber-Headshot-681x1024.jpg 681w, https:\/\/atlasveterans.ca\/wp-content\/uploads\/2024\/01\/Nancy-Taber-Headshot-768x1155.jpg 768w, https:\/\/atlasveterans.ca\/wp-content\/uploads\/2024\/01\/Nancy-Taber-Headshot-1021x1536.jpg 1021w, https:\/\/atlasveterans.ca\/wp-content\/uploads\/2024\/01\/Nancy-Taber-Headshot-1362x2048.jpg 1362w, https:\/\/atlasveterans.ca\/wp-content\/uploads\/2024\/01\/Nancy-Taber-Headshot.jpg 1500w\" sizes=\"auto, (max-width: 199px) 100vw, 199px\" \/><figcaption id=\"caption-attachment-16734\" class=\"wp-caption-text\">Nancy Taber<\/figcaption><\/figure>\n<p><em>\u00ab\u00a0\u00catre notre propre force. Pas la force a\u00e9rienne, ni la force des armes, ni la force navale. <\/em><em>Mais la force des femmes. <\/em><em>Par nos paroles\u00a0\u00bb.<\/em><\/p>\n<p>Lorsqu&rsquo;on m&rsquo;a demand\u00e9 si j&rsquo;accepterais d&rsquo;\u00e9crire sur mon travail avec le Collectif des \u00c9crivains du Canada (CEC) et sa s\u00e9rie d&rsquo;ateliers <em>Her Story<\/em>, je me suis retrouv\u00e9e devant une page blanche. Par o\u00f9 commencer ? J&rsquo;ai pris une page litt\u00e9rale de la m\u00e9thode du CEC et je me suis donn\u00e9 la consigne suivante : \u00ab\u00a0En tant que v\u00e9t\u00e9ran et actuelle animatrice du CEC, qu&rsquo;est-ce que je veux dire aux gens \u00e0 propos de ces ateliers ? J&rsquo;ai r\u00e9gl\u00e9 un minuteur sur 12 minutes, pris mon stylo et commenc\u00e9 \u00e0 \u00e9crire. Comme d&rsquo;habitude, j&rsquo;ai \u00e9t\u00e9 surpris par l&rsquo;histoire qui s&rsquo;est d\u00e9roul\u00e9e sur ma page &#8211; la force de mes propres mots, la lib\u00e9ration que j&rsquo;ai ressentie en racontant mon histoire et le pouvoir de ma propre voix.<\/p>\n<p>Le Collectif des \u00c9crivains du Canada est une organisation caritative qui encourage l&rsquo;\u00e9criture exploratoire au sein de la communaut\u00e9. Notre m\u00e9thode d&rsquo;atelier unique invite les participants \u00e0 r\u00e9pondre \u00e0 des questions incitatives, \u00e0 partager leurs premi\u00e8res \u00e9bauches, \u00e0 pratiquer une \u00e9coute profonde et \u00e0 partager leurs commentaires avec d&rsquo;autres personnes sur ce qui r\u00e9sonne dans leurs \u00e9crits. Les ateliers du CEC sont dirig\u00e9s par des animateurs b\u00e9n\u00e9voles form\u00e9s, dont beaucoup ont une exp\u00e9rience v\u00e9cue en rapport avec les ateliers qu&rsquo;ils animent. L&rsquo;accent des ateliers n&rsquo;est pas mis sur l&rsquo;art, la critique ou le produit final, mais plut\u00f4t sur ce qui se d\u00e9veloppe au cours du processus d&rsquo;\u00e9criture en communaut\u00e9. \u00c0 l&rsquo;automne 2022, nous avons lanc\u00e9 <em>Her Story, <\/em>une s\u00e9rie d&rsquo;ateliers destin\u00e9s aux Canadiennes identifi\u00e9es comme ayant servi dans l&rsquo;arm\u00e9e. Cette s\u00e9rie a \u00e9t\u00e9 relanc\u00e9e en octobre 2023 et je suis ravie d&rsquo;en \u00eatre la cofacilitatrice.<\/p>\n<p>Je me souviens que les ateliers <em>Her Story organis\u00e9s <\/em>en 2022 m&rsquo;ont rapidement captiv\u00e9e, tant sur le plan personnel en tant que v\u00e9t\u00e9ran que sur le plan professionnel en tant qu&rsquo;universitaire f\u00e9ministe. L&rsquo;\u00e9criture et le partage d&rsquo;histoires, qu&rsquo;il s&rsquo;agisse de fiction, de m\u00e9moires ou de tout autre sujet interm\u00e9diaire, ont \u00e9t\u00e9 consid\u00e9r\u00e9s comme importants par les auteurs et les auditeurs. Bien que de nombreuses personnes aient parl\u00e9 de leur exp\u00e9rience militaire, moi y compris, les questions \u00e9taient choisies avec soin pour encourager l&rsquo;exploration d&rsquo;un large \u00e9ventail de th\u00e8mes. En partageant mes histoires, je me suis sentie prot\u00e9g\u00e9e et connect\u00e9e \u00e0 une communaut\u00e9 d&rsquo;\u00e9crivains ayant une exp\u00e9rience v\u00e9cue commune. Lorsque le CEC m&rsquo;a demand\u00e9 de soutenir la relance de la s\u00e9rie en tant qu&rsquo;animateur en 2023, j&rsquo;ai imm\u00e9diatement accept\u00e9.[\/vc_column_text][\/vc_column][\/vc_row][vc_row row_padding_top=\u00a0\u00bbsmall\u00a0\u00bb row_padding_bottom=\u00a0\u00bbsmall\u00a0\u00bb full_width=\u00a0\u00bbstretch_row_content\u00a0\u00bb el_class=\u00a0\u00bbelement&#8211;tanBG\u00a0\u00bb][vc_column][vc_column_text]<\/p>\n<h2 style=\"text-align: center;\">\u00ab\u00a0\u00catre notre propre force. Pas la force a\u00e9rienne, ni la force des armes, ni la force navale.<br \/>\nMais la force des femmes.<br \/>\nPar nos paroles\u00a0\u00bb.<\/h2>\n<p style=\"text-align: center;\"><em>\u2014 Nancy Taber, v\u00e9t\u00e9ran des Forces arm\u00e9es canadiennes et animatrice du Collectif des \u00c9crivains du Canada<\/em><\/p>\n<p>[\/vc_column_text][\/vc_column][\/vc_row][vc_row row_padding_top=\u00a0\u00bbsmall\u00a0\u00bb][vc_column][vc_column_text]Mon service militaire m&rsquo;a form\u00e9 au sto\u00efcisme et \u00e0 la duret\u00e9. En ne me montrant jamais vuln\u00e9rable, j&rsquo;ai appris \u00e0 me cr\u00e9er une carapace dure et protectrice. L&rsquo;appel \u00e0 l&rsquo;uniformit\u00e9, \u00e0 la conformit\u00e9 et \u00e0 la hi\u00e9rarchie occulte et r\u00e9duit au silence les diff\u00e9rences. Mais pour ceux qui ont une apparence diff\u00e9rente, qui se sentent diff\u00e9rents et qui agissent diff\u00e9remment de la norme militaire, la bulle de s\u00e9curit\u00e9 que vous cr\u00e9ez est perc\u00e9e d\u00e8s le d\u00e9part. M\u00eame ceux qui correspondent \u00e0 la norme &#8211; ou qui s&rsquo;y conforment &#8211; peuvent subir des pr\u00e9judices.<\/p>\n<p>Le fait d&rsquo;avoir trouv\u00e9 un espace dans les ateliers <em>Her Story <\/em>pour \u00e9crire sur le pouvoir, la force, le but, l&#8217;empathie, l&rsquo;exp\u00e9rience, l&rsquo;identit\u00e9, l&rsquo;honneur, le leadership et l&rsquo;h\u00e9ro\u00efsme m&rsquo;a permis de r\u00e9fl\u00e9chir et de reconceptualiser mon exp\u00e9rience v\u00e9cue en \u00e9crivant et en racontant mon histoire dans toute sa complexit\u00e9. Ce travail aux c\u00f4t\u00e9s de personnes qui \u00ab\u00a0comprennent\u00a0\u00bb m&rsquo;a permis de cr\u00e9er une nouvelle communaut\u00e9 o\u00f9 les histoires des femmes sont courageusement partag\u00e9es et affirm\u00e9es.<\/p>\n<p>C&rsquo;est dans le cadre d&rsquo;un atelier r\u00e9cent que j&rsquo;ai \u00e9crit la premi\u00e8re ligne de ce blog. Bien que le temps que j&rsquo;ai pass\u00e9 dans les forces arm\u00e9es fasse partie de mon histoire, c&rsquo;est la force du r\u00e9cit qui, selon moi, a un tel pouvoir pour les femmes militaires, alors que nous travaillons ensemble sur nos propres exp\u00e9riences, que nous apprenons des autres, que nous nous r\u00e9approprions nos propres histoires et que nous reconsid\u00e9rons la mani\u00e8re dont notre pass\u00e9 est li\u00e9 \u00e0 notre pr\u00e9sent.<\/p>\n<p>La recherche d\u00e9montre et l&rsquo;exp\u00e9rience v\u00e9cue, quant \u00e0 elle, confirme que m\u00eame si les femmes essaient de se fondre dans la culture militaire, le plus souvent, elles se distinguent. Nous ne sommes jamais de <em>simples <\/em>militaires, mais toujours des <em>femmes <\/em>militaires. Cette qualification me g\u00eanait auparavant. Aujourd&rsquo;hui, j&rsquo;accepte et j&rsquo;honore la voix et l&rsquo;histoire de mon exp\u00e9rience unique. Lorsqu&rsquo;elle me frappe sur l&rsquo;\u00e9paule, je me retourne, j&rsquo;\u00e9coute et je (r\u00e9)imagine ce que pourrait \u00eatre la culture militaire.<\/p>\n<p><strong>\u2014 Nancy Taber<\/strong>[\/vc_column_text][vc_separator][vc_column_text]<em>Nancy Taber, CD, Ph.D., est professeure \u00e0 l&rsquo;Universit\u00e9 Brock et ses recherches explorent l&rsquo;intersection du genre, du militarisme et de l&rsquo;apprentissage. Officier militaire \u00e0 la retraite, elle a \u00e9t\u00e9 coordinatrice tactique d&rsquo;un h\u00e9licopt\u00e8re Sea King. Son premier roman, A Sea of Spectres, sera publi\u00e9 en 2024 par Acorn Press.<\/em>[\/vc_column_text][vc_cta h2=\u00a0\u00bbInscrivez-vous \u00e0 un atelier virtuel\u00a0\u00bb shape=\u00a0\u00bbsquare\u00a0\u00bb style=\u00a0\u00bbflat\u00a0\u00bb color=\u00a0\u00bb\u00a0\u00bb css=\u00a0\u00bb.vc_custom_1749669297398{background-color: #aadbcd !important;}\u00a0\u00bb]<a href=\"http:\/\/www.wcc-cec.org\/\">Visitez le site web du Collectif des \u00c9crivains Canadiens<\/a> pour en savoir plus sur leur travail.<\/p>\n<p>Vous pouvez \u00e9galement <a href=\"mailto:contact@wcc-cec.org\">contacter<\/a> directement <a href=\"mailto:contact@wcc-cec.org\">le Collectif des \u00c9crivains<\/a> Canadiens si vous avez des questions.<\/p>\n<p><em>A Force for Women : Her Story <\/em>est g\u00e9n\u00e9reusement financ\u00e9 par True Patriot Love &#8211; Military Creative Arts Fund et le Captain Nichola Goddard Fund.[\/vc_cta][vc_column_text css=\u00a0\u00bb\u00a0\u00bb]<em>Vous \u00eates un v\u00e9t\u00e9ran ou un membre de sa famille et vous avez une histoire \u00e0 raconter? <\/em><a href=\"https:\/\/atlasveterans.ca\/fr\/nous-joindre\/\"><em>Prenez contact avec nous<\/em><\/a><em> et vous pourriez figurer sur ce blog!<\/em>[\/vc_column_text][\/vc_column][\/vc_row]<\/p>\n<\/div>","protected":false},"excerpt":{"rendered":"<p>[vc_row row_padding_bottom=\u00a0\u00bbsmall\u00a0\u00bb][vc_column][vc_column_text] \u00ab\u00a0\u00catre notre propre force. Pas la force a\u00e9rienne, ni la force des armes, ni la force navale. Mais la force des femmes. Par nos paroles\u00a0\u00bb. Lorsqu&rsquo;on m&rsquo;a demand\u00e9 si j&rsquo;accepterais d&rsquo;\u00e9crire sur mon travail avec le Collectif des \u00c9crivains du Canada (CEC) et sa s\u00e9rie d&rsquo;ateliers Her Story, je me suis retrouv\u00e9e devant&#8230;<\/p>\n","protected":false},"author":3,"featured_media":16720,"comment_status":"open","ping_status":"closed","sticky":false,"template":"","format":"standard","meta":{"_acf_changed":false,"inline_featured_image":false,"footnotes":""},"categories":[46],"tags":[],"class_list":["post-16741","post","type-post","status-publish","format-standard","has-post-thumbnail","hentry","category-blogue"],"acf":[],"yoast_head":"<!-- This site is optimized with the Yoast SEO plugin v27.3 - https:\/\/yoast.com\/product\/yoast-seo-wordpress\/ -->\n<title>Une force pour les femmes &#183; Institut Atlas pour les v\u00e9t\u00e9rans et leur famille<\/title>\n<meta name=\"robots\" content=\"index, follow, max-snippet:-1, max-image-preview:large, max-video-preview:-1\" \/>\n<link rel=\"canonical\" href=\"https:\/\/atlasveterans.ca\/fr\/perspectives\/une-force-pour-les-femmes\/\" \/>\n<meta property=\"og:locale\" content=\"fr_FR\" \/>\n<meta property=\"og:type\" content=\"article\" \/>\n<meta property=\"og:title\" content=\"Une force pour les femmes &#183; Institut Atlas pour les v\u00e9t\u00e9rans et leur famille\" \/>\n<meta property=\"og:description\" content=\"[vc_row row_padding_bottom=\u00a0\u00bbsmall\u00a0\u00bb][vc_column][vc_column_text] \u00ab\u00a0\u00catre notre propre force. Pas la force a\u00e9rienne, ni la force des armes, ni la force navale. Mais la force des femmes. Par nos paroles\u00a0\u00bb. Lorsqu&rsquo;on m&rsquo;a demand\u00e9 si j&rsquo;accepterais d&rsquo;\u00e9crire sur mon travail avec le Collectif des \u00c9crivains du Canada (CEC) et sa s\u00e9rie d&rsquo;ateliers Her Story, je me suis retrouv\u00e9e devant...\" \/>\n<meta property=\"og:url\" content=\"https:\/\/atlasveterans.ca\/fr\/perspectives\/une-force-pour-les-femmes\/\" \/>\n<meta property=\"og:site_name\" content=\"Institut Atlas pour les v\u00e9t\u00e9rans et leur famille\" \/>\n<meta property=\"article:publisher\" content=\"https:\/\/www.facebook.com\/atlasveteransca\" \/>\n<meta property=\"article:published_time\" content=\"2024-01-10T16:57:59+00:00\" \/>\n<meta property=\"article:modified_time\" content=\"2025-06-11T19:14:59+00:00\" \/>\n<meta property=\"og:image\" content=\"https:\/\/atlasveterans.ca\/wp-content\/uploads\/2024\/01\/iStock-1361035509-scaled.jpg\" \/>\n\t<meta property=\"og:image:width\" content=\"2560\" \/>\n\t<meta property=\"og:image:height\" content=\"851\" \/>\n\t<meta property=\"og:image:type\" content=\"image\/jpeg\" \/>\n<meta name=\"author\" content=\"atlas_admin\" \/>\n<meta name=\"twitter:card\" content=\"summary_large_image\" \/>\n<meta name=\"twitter:creator\" content=\"@atlasveteransca\" \/>\n<meta name=\"twitter:site\" content=\"@atlasveteransca\" \/>\n<meta name=\"twitter:label1\" content=\"\u00c9crit par\" \/>\n\t<meta name=\"twitter:data1\" content=\"atlas_admin\" \/>\n\t<meta name=\"twitter:label2\" content=\"Dur\u00e9e de lecture estim\u00e9e\" \/>\n\t<meta name=\"twitter:data2\" content=\"5 minutes\" \/>\n<script type=\"application\/ld+json\" class=\"yoast-schema-graph\">{\"@context\":\"https:\\\/\\\/schema.org\",\"@graph\":[{\"@type\":\"Article\",\"@id\":\"https:\\\/\\\/atlasveterans.ca\\\/fr\\\/perspectives\\\/une-force-pour-les-femmes\\\/#article\",\"isPartOf\":{\"@id\":\"https:\\\/\\\/atlasveterans.ca\\\/fr\\\/perspectives\\\/une-force-pour-les-femmes\\\/\"},\"author\":{\"name\":\"atlas_admin\",\"@id\":\"https:\\\/\\\/atlasveterans.ca\\\/fr\\\/#\\\/schema\\\/person\\\/36709969520014f94b705cf2f635d944\"},\"headline\":\"Une force pour les femmes\",\"datePublished\":\"2024-01-10T16:57:59+00:00\",\"dateModified\":\"2025-06-11T19:14:59+00:00\",\"mainEntityOfPage\":{\"@id\":\"https:\\\/\\\/atlasveterans.ca\\\/fr\\\/perspectives\\\/une-force-pour-les-femmes\\\/\"},\"wordCount\":1180,\"commentCount\":0,\"publisher\":{\"@id\":\"https:\\\/\\\/atlasveterans.ca\\\/fr\\\/#organization\"},\"image\":{\"@id\":\"https:\\\/\\\/atlasveterans.ca\\\/fr\\\/perspectives\\\/une-force-pour-les-femmes\\\/#primaryimage\"},\"thumbnailUrl\":\"https:\\\/\\\/atlasveterans.ca\\\/wp-content\\\/uploads\\\/2024\\\/01\\\/iStock-1361035509-scaled.jpg\",\"articleSection\":[\"Blogue\"],\"inLanguage\":\"fr-FR\",\"potentialAction\":[{\"@type\":\"CommentAction\",\"name\":\"Comment\",\"target\":[\"https:\\\/\\\/atlasveterans.ca\\\/fr\\\/perspectives\\\/une-force-pour-les-femmes\\\/#respond\"]}]},{\"@type\":\"WebPage\",\"@id\":\"https:\\\/\\\/atlasveterans.ca\\\/fr\\\/perspectives\\\/une-force-pour-les-femmes\\\/\",\"url\":\"https:\\\/\\\/atlasveterans.ca\\\/fr\\\/perspectives\\\/une-force-pour-les-femmes\\\/\",\"name\":\"Une force pour les femmes &#183; Institut Atlas pour les v\u00e9t\u00e9rans et leur famille\",\"isPartOf\":{\"@id\":\"https:\\\/\\\/atlasveterans.ca\\\/fr\\\/#website\"},\"primaryImageOfPage\":{\"@id\":\"https:\\\/\\\/atlasveterans.ca\\\/fr\\\/perspectives\\\/une-force-pour-les-femmes\\\/#primaryimage\"},\"image\":{\"@id\":\"https:\\\/\\\/atlasveterans.ca\\\/fr\\\/perspectives\\\/une-force-pour-les-femmes\\\/#primaryimage\"},\"thumbnailUrl\":\"https:\\\/\\\/atlasveterans.ca\\\/wp-content\\\/uploads\\\/2024\\\/01\\\/iStock-1361035509-scaled.jpg\",\"datePublished\":\"2024-01-10T16:57:59+00:00\",\"dateModified\":\"2025-06-11T19:14:59+00:00\",\"breadcrumb\":{\"@id\":\"https:\\\/\\\/atlasveterans.ca\\\/fr\\\/perspectives\\\/une-force-pour-les-femmes\\\/#breadcrumb\"},\"inLanguage\":\"fr-FR\",\"potentialAction\":[{\"@type\":\"ReadAction\",\"target\":[\"https:\\\/\\\/atlasveterans.ca\\\/fr\\\/perspectives\\\/une-force-pour-les-femmes\\\/\"]}]},{\"@type\":\"ImageObject\",\"inLanguage\":\"fr-FR\",\"@id\":\"https:\\\/\\\/atlasveterans.ca\\\/fr\\\/perspectives\\\/une-force-pour-les-femmes\\\/#primaryimage\",\"url\":\"https:\\\/\\\/atlasveterans.ca\\\/wp-content\\\/uploads\\\/2024\\\/01\\\/iStock-1361035509-scaled.jpg\",\"contentUrl\":\"https:\\\/\\\/atlasveterans.ca\\\/wp-content\\\/uploads\\\/2024\\\/01\\\/iStock-1361035509-scaled.jpg\",\"width\":2560,\"height\":851,\"caption\":\"The girls write with fountain pens on sheets of paper. Concept for college exam, filling out forms and questionnaires. Web banner. Close-up. Without a face\"},{\"@type\":\"BreadcrumbList\",\"@id\":\"https:\\\/\\\/atlasveterans.ca\\\/fr\\\/perspectives\\\/une-force-pour-les-femmes\\\/#breadcrumb\",\"itemListElement\":[{\"@type\":\"ListItem\",\"position\":1,\"name\":\"Institut Atlas pour les v\u00e9t\u00e9rans et leur famille\",\"item\":\"https:\\\/\\\/atlasveterans.ca\\\/fr\\\/\"},{\"@type\":\"ListItem\",\"position\":2,\"name\":\"Une force pour les femmes\"}]},{\"@type\":\"WebSite\",\"@id\":\"https:\\\/\\\/atlasveterans.ca\\\/fr\\\/#website\",\"url\":\"https:\\\/\\\/atlasveterans.ca\\\/fr\\\/\",\"name\":\"Institut Atlas pour les v\u00e9t\u00e9rans et leur famille\",\"description\":\"Get resources, find support\",\"publisher\":{\"@id\":\"https:\\\/\\\/atlasveterans.ca\\\/fr\\\/#organization\"},\"potentialAction\":[{\"@type\":\"SearchAction\",\"target\":{\"@type\":\"EntryPoint\",\"urlTemplate\":\"https:\\\/\\\/atlasveterans.ca\\\/fr\\\/?s={search_term_string}\"},\"query-input\":{\"@type\":\"PropertyValueSpecification\",\"valueRequired\":true,\"valueName\":\"search_term_string\"}}],\"inLanguage\":\"fr-FR\"},{\"@type\":\"Organization\",\"@id\":\"https:\\\/\\\/atlasveterans.ca\\\/fr\\\/#organization\",\"name\":\"Atlas Institute For Veterans and Families\",\"url\":\"https:\\\/\\\/atlasveterans.ca\\\/fr\\\/\",\"logo\":{\"@type\":\"ImageObject\",\"inLanguage\":\"fr-FR\",\"@id\":\"https:\\\/\\\/atlasveterans.ca\\\/fr\\\/#\\\/schema\\\/logo\\\/image\\\/\",\"url\":\"https:\\\/\\\/atlasveterans.ca\\\/wp-content\\\/uploads\\\/2022\\\/03\\\/logo-withbg-eng-1.jpg\",\"contentUrl\":\"https:\\\/\\\/atlasveterans.ca\\\/wp-content\\\/uploads\\\/2022\\\/03\\\/logo-withbg-eng-1.jpg\",\"width\":800,\"height\":400,\"caption\":\"Atlas Institute For Veterans and Families\"},\"image\":{\"@id\":\"https:\\\/\\\/atlasveterans.ca\\\/fr\\\/#\\\/schema\\\/logo\\\/image\\\/\"},\"sameAs\":[\"https:\\\/\\\/www.facebook.com\\\/atlasveteransca\",\"https:\\\/\\\/x.com\\\/atlasveteransca\",\"https:\\\/\\\/www.instagram.com\\\/atlasveteransca\\\/\",\"https:\\\/\\\/www.linkedin.com\\\/company\\\/atlasveteransca\\\/\",\"https:\\\/\\\/www.youtube.com\\\/atlasveteransca\"]},{\"@type\":\"Person\",\"@id\":\"https:\\\/\\\/atlasveterans.ca\\\/fr\\\/#\\\/schema\\\/person\\\/36709969520014f94b705cf2f635d944\",\"name\":\"atlas_admin\",\"image\":{\"@type\":\"ImageObject\",\"inLanguage\":\"fr-FR\",\"@id\":\"https:\\\/\\\/secure.gravatar.com\\\/avatar\\\/8aa794e59a36c91dff9d3299c5eaad8fc61361b60d9d1c9d07c007ea5d98a165?s=96&d=mm&r=g\",\"url\":\"https:\\\/\\\/secure.gravatar.com\\\/avatar\\\/8aa794e59a36c91dff9d3299c5eaad8fc61361b60d9d1c9d07c007ea5d98a165?s=96&d=mm&r=g\",\"contentUrl\":\"https:\\\/\\\/secure.gravatar.com\\\/avatar\\\/8aa794e59a36c91dff9d3299c5eaad8fc61361b60d9d1c9d07c007ea5d98a165?s=96&d=mm&r=g\",\"caption\":\"atlas_admin\"}}]}<\/script>\n<!-- \/ Yoast SEO plugin. -->","yoast_head_json":{"title":"Une force pour les femmes &#183; Institut Atlas pour les v\u00e9t\u00e9rans et leur famille","robots":{"index":"index","follow":"follow","max-snippet":"max-snippet:-1","max-image-preview":"max-image-preview:large","max-video-preview":"max-video-preview:-1"},"canonical":"https:\/\/atlasveterans.ca\/fr\/perspectives\/une-force-pour-les-femmes\/","og_locale":"fr_FR","og_type":"article","og_title":"Une force pour les femmes &#183; Institut Atlas pour les v\u00e9t\u00e9rans et leur famille","og_description":"[vc_row row_padding_bottom=\u00a0\u00bbsmall\u00a0\u00bb][vc_column][vc_column_text] \u00ab\u00a0\u00catre notre propre force. Pas la force a\u00e9rienne, ni la force des armes, ni la force navale. Mais la force des femmes. Par nos paroles\u00a0\u00bb. Lorsqu&rsquo;on m&rsquo;a demand\u00e9 si j&rsquo;accepterais d&rsquo;\u00e9crire sur mon travail avec le Collectif des \u00c9crivains du Canada (CEC) et sa s\u00e9rie d&rsquo;ateliers Her Story, je me suis retrouv\u00e9e devant...","og_url":"https:\/\/atlasveterans.ca\/fr\/perspectives\/une-force-pour-les-femmes\/","og_site_name":"Institut Atlas pour les v\u00e9t\u00e9rans et leur famille","article_publisher":"https:\/\/www.facebook.com\/atlasveteransca","article_published_time":"2024-01-10T16:57:59+00:00","article_modified_time":"2025-06-11T19:14:59+00:00","og_image":[{"width":2560,"height":851,"url":"https:\/\/atlasveterans.ca\/wp-content\/uploads\/2024\/01\/iStock-1361035509-scaled.jpg","type":"image\/jpeg"}],"author":"atlas_admin","twitter_card":"summary_large_image","twitter_creator":"@atlasveteransca","twitter_site":"@atlasveteransca","twitter_misc":{"\u00c9crit par":"atlas_admin","Dur\u00e9e de lecture estim\u00e9e":"5 minutes"},"schema":{"@context":"https:\/\/schema.org","@graph":[{"@type":"Article","@id":"https:\/\/atlasveterans.ca\/fr\/perspectives\/une-force-pour-les-femmes\/#article","isPartOf":{"@id":"https:\/\/atlasveterans.ca\/fr\/perspectives\/une-force-pour-les-femmes\/"},"author":{"name":"atlas_admin","@id":"https:\/\/atlasveterans.ca\/fr\/#\/schema\/person\/36709969520014f94b705cf2f635d944"},"headline":"Une force pour les femmes","datePublished":"2024-01-10T16:57:59+00:00","dateModified":"2025-06-11T19:14:59+00:00","mainEntityOfPage":{"@id":"https:\/\/atlasveterans.ca\/fr\/perspectives\/une-force-pour-les-femmes\/"},"wordCount":1180,"commentCount":0,"publisher":{"@id":"https:\/\/atlasveterans.ca\/fr\/#organization"},"image":{"@id":"https:\/\/atlasveterans.ca\/fr\/perspectives\/une-force-pour-les-femmes\/#primaryimage"},"thumbnailUrl":"https:\/\/atlasveterans.ca\/wp-content\/uploads\/2024\/01\/iStock-1361035509-scaled.jpg","articleSection":["Blogue"],"inLanguage":"fr-FR","potentialAction":[{"@type":"CommentAction","name":"Comment","target":["https:\/\/atlasveterans.ca\/fr\/perspectives\/une-force-pour-les-femmes\/#respond"]}]},{"@type":"WebPage","@id":"https:\/\/atlasveterans.ca\/fr\/perspectives\/une-force-pour-les-femmes\/","url":"https:\/\/atlasveterans.ca\/fr\/perspectives\/une-force-pour-les-femmes\/","name":"Une force pour les femmes &#183; Institut Atlas pour les v\u00e9t\u00e9rans et leur famille","isPartOf":{"@id":"https:\/\/atlasveterans.ca\/fr\/#website"},"primaryImageOfPage":{"@id":"https:\/\/atlasveterans.ca\/fr\/perspectives\/une-force-pour-les-femmes\/#primaryimage"},"image":{"@id":"https:\/\/atlasveterans.ca\/fr\/perspectives\/une-force-pour-les-femmes\/#primaryimage"},"thumbnailUrl":"https:\/\/atlasveterans.ca\/wp-content\/uploads\/2024\/01\/iStock-1361035509-scaled.jpg","datePublished":"2024-01-10T16:57:59+00:00","dateModified":"2025-06-11T19:14:59+00:00","breadcrumb":{"@id":"https:\/\/atlasveterans.ca\/fr\/perspectives\/une-force-pour-les-femmes\/#breadcrumb"},"inLanguage":"fr-FR","potentialAction":[{"@type":"ReadAction","target":["https:\/\/atlasveterans.ca\/fr\/perspectives\/une-force-pour-les-femmes\/"]}]},{"@type":"ImageObject","inLanguage":"fr-FR","@id":"https:\/\/atlasveterans.ca\/fr\/perspectives\/une-force-pour-les-femmes\/#primaryimage","url":"https:\/\/atlasveterans.ca\/wp-content\/uploads\/2024\/01\/iStock-1361035509-scaled.jpg","contentUrl":"https:\/\/atlasveterans.ca\/wp-content\/uploads\/2024\/01\/iStock-1361035509-scaled.jpg","width":2560,"height":851,"caption":"The girls write with fountain pens on sheets of paper. Concept for college exam, filling out forms and questionnaires. Web banner. Close-up. Without a face"},{"@type":"BreadcrumbList","@id":"https:\/\/atlasveterans.ca\/fr\/perspectives\/une-force-pour-les-femmes\/#breadcrumb","itemListElement":[{"@type":"ListItem","position":1,"name":"Institut Atlas pour les v\u00e9t\u00e9rans et leur famille","item":"https:\/\/atlasveterans.ca\/fr\/"},{"@type":"ListItem","position":2,"name":"Une force pour les femmes"}]},{"@type":"WebSite","@id":"https:\/\/atlasveterans.ca\/fr\/#website","url":"https:\/\/atlasveterans.ca\/fr\/","name":"Institut Atlas pour les v\u00e9t\u00e9rans et leur famille","description":"Get resources, find support","publisher":{"@id":"https:\/\/atlasveterans.ca\/fr\/#organization"},"potentialAction":[{"@type":"SearchAction","target":{"@type":"EntryPoint","urlTemplate":"https:\/\/atlasveterans.ca\/fr\/?s={search_term_string}"},"query-input":{"@type":"PropertyValueSpecification","valueRequired":true,"valueName":"search_term_string"}}],"inLanguage":"fr-FR"},{"@type":"Organization","@id":"https:\/\/atlasveterans.ca\/fr\/#organization","name":"Atlas Institute For Veterans and Families","url":"https:\/\/atlasveterans.ca\/fr\/","logo":{"@type":"ImageObject","inLanguage":"fr-FR","@id":"https:\/\/atlasveterans.ca\/fr\/#\/schema\/logo\/image\/","url":"https:\/\/atlasveterans.ca\/wp-content\/uploads\/2022\/03\/logo-withbg-eng-1.jpg","contentUrl":"https:\/\/atlasveterans.ca\/wp-content\/uploads\/2022\/03\/logo-withbg-eng-1.jpg","width":800,"height":400,"caption":"Atlas Institute For Veterans and Families"},"image":{"@id":"https:\/\/atlasveterans.ca\/fr\/#\/schema\/logo\/image\/"},"sameAs":["https:\/\/www.facebook.com\/atlasveteransca","https:\/\/x.com\/atlasveteransca","https:\/\/www.instagram.com\/atlasveteransca\/","https:\/\/www.linkedin.com\/company\/atlasveteransca\/","https:\/\/www.youtube.com\/atlasveteransca"]},{"@type":"Person","@id":"https:\/\/atlasveterans.ca\/fr\/#\/schema\/person\/36709969520014f94b705cf2f635d944","name":"atlas_admin","image":{"@type":"ImageObject","inLanguage":"fr-FR","@id":"https:\/\/secure.gravatar.com\/avatar\/8aa794e59a36c91dff9d3299c5eaad8fc61361b60d9d1c9d07c007ea5d98a165?s=96&d=mm&r=g","url":"https:\/\/secure.gravatar.com\/avatar\/8aa794e59a36c91dff9d3299c5eaad8fc61361b60d9d1c9d07c007ea5d98a165?s=96&d=mm&r=g","contentUrl":"https:\/\/secure.gravatar.com\/avatar\/8aa794e59a36c91dff9d3299c5eaad8fc61361b60d9d1c9d07c007ea5d98a165?s=96&d=mm&r=g","caption":"atlas_admin"}}]}},"_links":{"self":[{"href":"https:\/\/atlasveterans.ca\/fr\/wp-json\/wp\/v2\/posts\/16741","targetHints":{"allow":["GET"]}}],"collection":[{"href":"https:\/\/atlasveterans.ca\/fr\/wp-json\/wp\/v2\/posts"}],"about":[{"href":"https:\/\/atlasveterans.ca\/fr\/wp-json\/wp\/v2\/types\/post"}],"author":[{"embeddable":true,"href":"https:\/\/atlasveterans.ca\/fr\/wp-json\/wp\/v2\/users\/3"}],"replies":[{"embeddable":true,"href":"https:\/\/atlasveterans.ca\/fr\/wp-json\/wp\/v2\/comments?post=16741"}],"version-history":[{"count":2,"href":"https:\/\/atlasveterans.ca\/fr\/wp-json\/wp\/v2\/posts\/16741\/revisions"}],"predecessor-version":[{"id":24978,"href":"https:\/\/atlasveterans.ca\/fr\/wp-json\/wp\/v2\/posts\/16741\/revisions\/24978"}],"wp:featuredmedia":[{"embeddable":true,"href":"https:\/\/atlasveterans.ca\/fr\/wp-json\/wp\/v2\/media\/16720"}],"wp:attachment":[{"href":"https:\/\/atlasveterans.ca\/fr\/wp-json\/wp\/v2\/media?parent=16741"}],"wp:term":[{"taxonomy":"category","embeddable":true,"href":"https:\/\/atlasveterans.ca\/fr\/wp-json\/wp\/v2\/categories?post=16741"},{"taxonomy":"post_tag","embeddable":true,"href":"https:\/\/atlasveterans.ca\/fr\/wp-json\/wp\/v2\/tags?post=16741"}],"curies":[{"name":"wp","href":"https:\/\/api.w.org\/{rel}","templated":true}]}}