{"id":20969,"date":"2024-08-15T10:01:33","date_gmt":"2024-08-15T14:01:33","guid":{"rendered":"https:\/\/atlasveterans.ca\/?p=20969"},"modified":"2026-03-09T14:41:36","modified_gmt":"2026-03-09T18:41:36","slug":"ce-netait-pas-lui-qui-parlait-cetait-le-tspt-le-parcours-dune-conjointe-de-la-grc","status":"publish","type":"post","link":"https:\/\/atlasveterans.ca\/fr\/perspectives\/ce-netait-pas-lui-qui-parlait-cetait-le-tspt-le-parcours-dune-conjointe-de-la-grc\/","title":{"rendered":"\u00ab Ce n\u2019\u00e9tait pas lui qui parlait; c\u2019\u00e9tait le TSPT \u00bb : Le parcours d&rsquo;une conjointe de la GRC"},"content":{"rendered":"<div class=\"wpb-content-wrapper\"><p>[vc_row row_padding_bottom=\u00a0\u00bbsmall\u00a0\u00bb][vc_column][vc_column_text css=\u00a0\u00bb\u00a0\u00bb]Avec le recul, je peux reconna\u00eetre que le trouble de stress post-traumatique (TSPT) a commenc\u00e9 \u00e0 faire partie de ma vie au moment o\u00f9 mon mari s&rsquo;est engag\u00e9 dans la Gendarmerie royale du Canada (GRC). Au cours de son premier mois de travail, une personne s&rsquo;est violemment suicid\u00e9e sur la pelouse du d\u00e9tachement o\u00f9 il travaillait. C&rsquo;\u00e9tait le premier de plus de 500 cadavres qu&rsquo;il allait devoir traiter au cours de ses 28 ans de carri\u00e8re.<\/p>\n<p>Jim a commenc\u00e9 sa carri\u00e8re en tant que membre du service g\u00e9n\u00e9ral, o\u00f9 il a \u00e9t\u00e9 expos\u00e9 \u00e0 un grand nombre d&rsquo;\u00e9v\u00e9nements traumatisants. Plus tard, il est devenu officier de l&rsquo;identit\u00e9 judiciaire et l&rsquo;exposition est devenue constante. Au d\u00e9but, les changements dans son comportement \u00e9taient subtils et je ne les ai pas vraiment remarqu\u00e9s. Au fur et \u00e0 mesure que le temps passait et que l&rsquo;exposition augmentait, les comportements sont devenus plus visibles.<\/p>\n<p>Cela a commenc\u00e9 par des choses \u00ab simples \u00bb, comme s&rsquo;asseoir le dos contre le mur et regarder tout ce qui se passait autour de lui. Au fil du temps, les choses \u00ab simples \u00bb ont progress\u00e9 et de nouveaux sympt\u00f4mes sont apparus. L&rsquo;observation a progress\u00e9 jusqu&rsquo;\u00e0 l&rsquo;hypervigilance. Il est int\u00e9ressant de noter que certaines personnes, comme les membres de son \u00e9quipe de hockey, consid\u00e9raient cette hypervigilance comme une bonne chose. Ils pouvaient aller \u00e0 leur tournoi de Vegas et il \u00e9tait toujours aux aguets, les sauvant de quelques situations douteuses. Les voisins trouvaient que c&rsquo;\u00e9tait g\u00e9nial, car il jouait le r\u00f4le d&rsquo;un gardien de quartier. De notre c\u00f4t\u00e9, nous avons commenc\u00e9 \u00e0 vivre dans une forteresse. Des cam\u00e9ras, des lumi\u00e8res de mouvement et des alarmes ont \u00e9t\u00e9 install\u00e9es \u00e0 la maison. Nous avions trois serrures sur la porte du sous-sol et deux sur toutes les autres portes. Lorsque le trouble obsessionnel compulsif (TOC) s&rsquo;est install\u00e9, il a fallu v\u00e9rifier chaque porte plusieurs fois avant de pouvoir aller o\u00f9 que ce soit.<\/p>\n<p>Il lui est devenu de plus en plus difficile de sortir dans des endroits fr\u00e9quent\u00e9s ou peu familiers, ou dans des endroits o\u00f9 il ne sait pas qui sera pr\u00e9sent. Il se m\u00e9fiait de tous ceux qu&rsquo;il ne connaissait pas. Il avait l&rsquo;impression que tout le monde \u00e9tait coupable de quelque chose. Les vacances \u00e9taient difficiles parce qu&rsquo;il ne savait pas comment se d\u00e9tendre. Il \u00e9tait toujours en train d&rsquo;observer et d&rsquo;attendre que quelque chose se passe.<\/p>\n<p>Les troubles du sommeil et les mauvais r\u00eaves sont devenus \u00ab normaux \u00bb. Son sommeil \u00e9tait perturb\u00e9, le mien aussi. Le moindre bruit le tirait du lit et le poussait \u00e0 en chercher la cause. Les somnif\u00e8res en vente libre sont devenus indispensables, m\u00eame s&rsquo;ils ne fonctionnent pas. Le manque de sommeil a entra\u00een\u00e9 la fatigue, ce qui a conduit \u00e0 l&rsquo;utilisation de stimulants en vente libre et \u00e0 des quantit\u00e9s excessives de Red Bull pour essayer de rester \u00e9veill\u00e9. La consommation cach\u00e9e de m\u00e9dicaments en vente libre a augment\u00e9 de fa\u00e7on spectaculaire. J&rsquo;ai \u00e9t\u00e9 choqu\u00e9e lorsque j&rsquo;ai vid\u00e9 l&rsquo;une de ses armoires au travail. Je n&rsquo;en avais vraiment aucune id\u00e9e.<\/p>\n<p>Certains de ces troubles du sommeil pouvaient \u00eatre attribu\u00e9s \u00e0 des flashbacks, mais la plupart du temps, ces flashbacks se pr\u00e9sentaient sous la forme d&rsquo;un dossier dont il parlait. Je pouvais toujours savoir qu&rsquo;un dossier le d\u00e9rangeait plus que les autres par le nombre de fois o\u00f9 il m&rsquo;en parlait. Je le lui ai fait remarquer un jour et il n&rsquo;avait aucune id\u00e9e de ce qu&rsquo;il faisait. J&rsquo;\u00e9tais heureuse d&rsquo;\u00eatre l\u00e0 pour l&rsquo;\u00e9couter, pour lui permettre de traiter le probl\u00e8me et de le soulager. Mais qui \u00e9tait l\u00e0 pour m&rsquo;\u00e9couter? J&rsquo;ai entendu bien plus que ce qu&rsquo;une conjointe \u00ab ordinaire \u00bb pourrait imaginer. Les flashbacks ont progress\u00e9 au point qu&rsquo;\u00e0 une occasion, il esquivait et frappait des mouches imaginaires sous la douche. Il n&rsquo;existe rien qui puisse pr\u00e9parer un conjoint \u00e0 faire face \u00e0 une telle situation!<\/p>\n<p>Le d\u00e9tachement \u00e9motionnel n\u00e9cessaire \u00e0 l&rsquo;accomplissement de son travail s&rsquo;est r\u00e9percut\u00e9 dans sa vie quotidienne, o\u00f9 il est devenu froid et d\u00e9pourvu d&rsquo;\u00e9motions. Il est devenu incapable de voir les choses du point de vue de quelqu&rsquo;un d&rsquo;autre \u2013 il a perdu son sens de l&#8217;empathie. Ayant vu tant de morts, il ne comprenait pas pourquoi les gens \u00e9taient en deuil pendant de longues p\u00e9riodes et pensait qu&rsquo;ils devaient simplement \u00ab s&rsquo;en remettre \u00bb. J&rsquo;en suis arriv\u00e9 au point de lui dire qu&rsquo;il \u00e9tait un \u00ab salaud au c\u0153ur froid \u00bb. Il a reconnu que c&rsquo;\u00e9tait vrai, mais que c&rsquo;\u00e9tait ce qu&rsquo;il \u00e9tait. Malgr\u00e9 tout, je sais qu&rsquo;il a continu\u00e9 \u00e0 nous aimer, nos fils et moi, et que nous avons continu\u00e9 \u00e0 l&rsquo;aimer.<\/p>\n<p>Au fil du temps, les comportements agressifs ont commenc\u00e9 \u00e0 se multiplier, surtout verbalement. Les doubles standards, les critiques et les rabaissements sont devenus monnaie courante. Lorsque vous connaissez quelqu&rsquo;un depuis aussi longtemps que nous, il savait ce qu&rsquo;il fallait dire pour blesser le plus. Je devais souvent me rappeler que ce n&rsquo;\u00e9tait pas lui qui parlait, mais le trouble de stress post-traumatique.<\/p>\n<p>Pourtant, Jim \u00e9tait la personne la plus aimante et la plus attentionn\u00e9e lorsqu&rsquo;il s&rsquo;agissait de sa famille. Il aurait fait n&rsquo;importe quoi pour moi et nos fils. Il voulait nous offrir le monde. Au lieu de cela, il nous a donn\u00e9 la d\u00e9pression, l&rsquo;anxi\u00e9t\u00e9, les TOC et le stress traumatique secondaire. Jim savait qu&rsquo;il avait des difficult\u00e9s et acceptait ouvertement son diagnostic de stress post-traumatique. Il a cherch\u00e9 \u00e0 se faire soigner et \u00e0 obtenir de l&rsquo;aide, mais personne n&rsquo;a song\u00e9 \u00e0 s&rsquo;interroger sur les effets de son TSPT sur le reste de la famille.<\/p>\n<p>Avec le recul, j&rsquo;aurais aim\u00e9 que nous puissions voir \u00e0 quel point le trouble de stress post-traumatique de Jim nous affectait tous, et pas seulement lui. Peut-\u00eatre que les choses auraient \u00e9t\u00e9 diff\u00e9rentes, mais peut-\u00eatre que c&rsquo;\u00e9tait cens\u00e9 \u00eatre ainsi. J&rsquo;aurais tout donn\u00e9 pour qu&rsquo;il n&rsquo;en souffre pas, mais \u00e0 bien des \u00e9gards, le fait de vivre avec le TSPT de Jim nous a rendus plus forts en tant qu&rsquo;individus et en tant que famille.<\/p>\n<p><strong>&#8211; Tanis Giczi<\/strong>[\/vc_column_text][\/vc_column][\/vc_row][vc_row][vc_column][vc_separator][vc_cta h2=\u00a0\u00bbRessources additionnelles\u00a0\u00bb shape=\u00a0\u00bbsquare\u00a0\u00bb style=\u00a0\u00bbflat\u00a0\u00bb color=\u00a0\u00bb\u00a0\u00bb css=\u00a0\u00bb.vc_custom_1773081694121{background-color: #aadbcd !important;}\u00a0\u00bb]<a href=\"https:\/\/atlasveterans.ca\/fr\/centre-de-connaissances\/trouble-de-stress-post-traumatique-tspt\/\">D\u00e9couvrez certaines des choses que vos proches peuvent ressentir s&rsquo;ils sont atteints de SSPT.<\/a><\/p>\n<p>Regardez les enregistrements et acc\u00e9dez aux documents du <a href=\"https:\/\/atlasveterans.ca\/fr\/communaute\/activites\/sommet-pour-les-familles-2024\/\">Sommet virtuel pour les familles de v\u00e9t\u00e9rans 2024<\/a><\/p>\n<p>Trouver des <a href=\"https:\/\/atlasveterans.ca\/fr\/centre-de-connaissances\/les-familles-et-les-amis\/\">ressources pour les familles et les amis des v\u00e9t\u00e9rans<\/a><\/p>\n<p><a href=\"https:\/\/atlasveterans.ca\/fr\/communaute\/histoires-de-veterans-et-de-familles\/\">Regardez les histoires num\u00e9riques<\/a> de v\u00e9t\u00e9rans des Forces arm\u00e9es canadiennes (FAC) et de la GRC et de membres de leurs familles de partout au Canada, y compris l&rsquo;<a href=\"https:\/\/youtu.be\/Cfsp05gwe8g?si=tEs3GroHA6eN1pu7\">histoire de Tanis.<br \/>\n<\/a><\/p>\n<p><a href=\"https:\/\/grc.ca\/fr\/ressources-lintention-employes-et-leur-famille\">Programmes pour les familles de la GRC<\/a>[\/vc_cta][vc_column_text css=\u00a0\u00bb\u00a0\u00bb]<em>Vous \u00eates un v\u00e9t\u00e9ran ou un membre de sa famille et vous avez une histoire \u00e0 raconter? <\/em><a href=\"https:\/\/atlasveterans.ca\/fr\/nous-joindre\/\"><em>Prenez contact avec nous<\/em><\/a><em> et vous pourriez figurer sur ce blog!<\/em>[\/vc_column_text][\/vc_column][\/vc_row]<\/p>\n<\/div>","protected":false},"excerpt":{"rendered":"<p>[vc_row row_padding_bottom=\u00a0\u00bbsmall\u00a0\u00bb][vc_column][vc_column_text css=\u00a0\u00bb\u00a0\u00bb]Avec le recul, je peux reconna\u00eetre que le trouble de stress post-traumatique (TSPT) a commenc\u00e9 \u00e0 faire partie de ma vie au moment o\u00f9 mon mari s&rsquo;est engag\u00e9 dans la Gendarmerie royale du Canada (GRC). Au cours de son premier mois de travail, une personne s&rsquo;est violemment suicid\u00e9e sur la pelouse du d\u00e9tachement&#8230;<\/p>\n","protected":false},"author":3,"featured_media":20985,"comment_status":"open","ping_status":"closed","sticky":false,"template":"","format":"standard","meta":{"_acf_changed":false,"inline_featured_image":false,"footnotes":""},"categories":[46],"tags":[],"class_list":["post-20969","post","type-post","status-publish","format-standard","has-post-thumbnail","hentry","category-blogue","knowledge_area-post-traumatic-stress-disorder-fr","knowledge_area-suicidalite"],"acf":[],"yoast_head":"<!-- This site is optimized with the Yoast SEO plugin v27.3 - https:\/\/yoast.com\/product\/yoast-seo-wordpress\/ -->\n<title>\u00ab Ce n\u2019\u00e9tait pas lui qui parlait; c\u2019\u00e9tait le TSPT \u00bb : Le parcours d&#039;une conjointe de la GRC &#183; Institut Atlas pour les v\u00e9t\u00e9rans et leur famille<\/title>\n<meta name=\"robots\" content=\"index, follow, max-snippet:-1, max-image-preview:large, max-video-preview:-1\" \/>\n<link rel=\"canonical\" href=\"https:\/\/atlasveterans.ca\/fr\/perspectives\/ce-netait-pas-lui-qui-parlait-cetait-le-tspt-le-parcours-dune-conjointe-de-la-grc\/\" \/>\n<meta property=\"og:locale\" content=\"fr_FR\" \/>\n<meta property=\"og:type\" content=\"article\" \/>\n<meta property=\"og:title\" content=\"\u00ab Ce n\u2019\u00e9tait pas lui qui parlait; c\u2019\u00e9tait le TSPT \u00bb : Le parcours d&#039;une conjointe de la GRC &#183; Institut Atlas pour les v\u00e9t\u00e9rans et leur famille\" \/>\n<meta property=\"og:description\" content=\"[vc_row row_padding_bottom=\u00a0\u00bbsmall\u00a0\u00bb][vc_column][vc_column_text css=\u00a0\u00bb\u00a0\u00bb]Avec le recul, je peux reconna\u00eetre que le trouble de stress post-traumatique (TSPT) a commenc\u00e9 \u00e0 faire partie de ma vie au moment o\u00f9 mon mari s&rsquo;est engag\u00e9 dans la Gendarmerie royale du Canada (GRC). Au cours de son premier mois de travail, une personne s&rsquo;est violemment suicid\u00e9e sur la pelouse du d\u00e9tachement...\" \/>\n<meta property=\"og:url\" content=\"https:\/\/atlasveterans.ca\/fr\/perspectives\/ce-netait-pas-lui-qui-parlait-cetait-le-tspt-le-parcours-dune-conjointe-de-la-grc\/\" \/>\n<meta property=\"og:site_name\" content=\"Institut Atlas pour les v\u00e9t\u00e9rans et leur famille\" \/>\n<meta property=\"article:publisher\" content=\"https:\/\/www.facebook.com\/atlasveteransca\" \/>\n<meta property=\"article:published_time\" content=\"2024-08-15T14:01:33+00:00\" \/>\n<meta property=\"article:modified_time\" content=\"2026-03-09T18:41:36+00:00\" \/>\n<meta property=\"og:image\" content=\"https:\/\/atlasveterans.ca\/wp-content\/uploads\/2024\/08\/tanis-2048x1024-3-1024x503.png\" \/>\n\t<meta property=\"og:image:width\" content=\"1024\" \/>\n\t<meta property=\"og:image:height\" content=\"503\" \/>\n\t<meta property=\"og:image:type\" content=\"image\/png\" \/>\n<meta name=\"author\" content=\"atlas_admin\" \/>\n<meta name=\"twitter:card\" content=\"summary_large_image\" \/>\n<meta name=\"twitter:creator\" content=\"@atlasveteransca\" \/>\n<meta name=\"twitter:site\" content=\"@atlasveteransca\" \/>\n<meta name=\"twitter:label1\" content=\"\u00c9crit par\" \/>\n\t<meta name=\"twitter:data1\" content=\"atlas_admin\" \/>\n\t<meta name=\"twitter:label2\" content=\"Dur\u00e9e de lecture estim\u00e9e\" \/>\n\t<meta name=\"twitter:data2\" content=\"6 minutes\" \/>\n<script type=\"application\/ld+json\" class=\"yoast-schema-graph\">{\"@context\":\"https:\\\/\\\/schema.org\",\"@graph\":[{\"@type\":\"Article\",\"@id\":\"https:\\\/\\\/atlasveterans.ca\\\/fr\\\/perspectives\\\/ce-netait-pas-lui-qui-parlait-cetait-le-tspt-le-parcours-dune-conjointe-de-la-grc\\\/#article\",\"isPartOf\":{\"@id\":\"https:\\\/\\\/atlasveterans.ca\\\/fr\\\/perspectives\\\/ce-netait-pas-lui-qui-parlait-cetait-le-tspt-le-parcours-dune-conjointe-de-la-grc\\\/\"},\"author\":{\"name\":\"atlas_admin\",\"@id\":\"https:\\\/\\\/atlasveterans.ca\\\/fr\\\/#\\\/schema\\\/person\\\/36709969520014f94b705cf2f635d944\"},\"headline\":\"\u00ab Ce n\u2019\u00e9tait pas lui qui parlait; c\u2019\u00e9tait le TSPT \u00bb : Le parcours d&rsquo;une conjointe de la GRC\",\"datePublished\":\"2024-08-15T14:01:33+00:00\",\"dateModified\":\"2026-03-09T18:41:36+00:00\",\"mainEntityOfPage\":{\"@id\":\"https:\\\/\\\/atlasveterans.ca\\\/fr\\\/perspectives\\\/ce-netait-pas-lui-qui-parlait-cetait-le-tspt-le-parcours-dune-conjointe-de-la-grc\\\/\"},\"wordCount\":1284,\"commentCount\":0,\"publisher\":{\"@id\":\"https:\\\/\\\/atlasveterans.ca\\\/fr\\\/#organization\"},\"image\":{\"@id\":\"https:\\\/\\\/atlasveterans.ca\\\/fr\\\/perspectives\\\/ce-netait-pas-lui-qui-parlait-cetait-le-tspt-le-parcours-dune-conjointe-de-la-grc\\\/#primaryimage\"},\"thumbnailUrl\":\"https:\\\/\\\/atlasveterans.ca\\\/wp-content\\\/uploads\\\/2024\\\/08\\\/tanis-2048x1024-3.png\",\"articleSection\":[\"Blogue\"],\"inLanguage\":\"fr-FR\",\"potentialAction\":[{\"@type\":\"CommentAction\",\"name\":\"Comment\",\"target\":[\"https:\\\/\\\/atlasveterans.ca\\\/fr\\\/perspectives\\\/ce-netait-pas-lui-qui-parlait-cetait-le-tspt-le-parcours-dune-conjointe-de-la-grc\\\/#respond\"]}]},{\"@type\":\"WebPage\",\"@id\":\"https:\\\/\\\/atlasveterans.ca\\\/fr\\\/perspectives\\\/ce-netait-pas-lui-qui-parlait-cetait-le-tspt-le-parcours-dune-conjointe-de-la-grc\\\/\",\"url\":\"https:\\\/\\\/atlasveterans.ca\\\/fr\\\/perspectives\\\/ce-netait-pas-lui-qui-parlait-cetait-le-tspt-le-parcours-dune-conjointe-de-la-grc\\\/\",\"name\":\"\u00ab Ce n\u2019\u00e9tait pas lui qui parlait; c\u2019\u00e9tait le TSPT \u00bb : Le parcours d'une conjointe de la GRC &#183; Institut Atlas pour les v\u00e9t\u00e9rans et leur famille\",\"isPartOf\":{\"@id\":\"https:\\\/\\\/atlasveterans.ca\\\/fr\\\/#website\"},\"primaryImageOfPage\":{\"@id\":\"https:\\\/\\\/atlasveterans.ca\\\/fr\\\/perspectives\\\/ce-netait-pas-lui-qui-parlait-cetait-le-tspt-le-parcours-dune-conjointe-de-la-grc\\\/#primaryimage\"},\"image\":{\"@id\":\"https:\\\/\\\/atlasveterans.ca\\\/fr\\\/perspectives\\\/ce-netait-pas-lui-qui-parlait-cetait-le-tspt-le-parcours-dune-conjointe-de-la-grc\\\/#primaryimage\"},\"thumbnailUrl\":\"https:\\\/\\\/atlasveterans.ca\\\/wp-content\\\/uploads\\\/2024\\\/08\\\/tanis-2048x1024-3.png\",\"datePublished\":\"2024-08-15T14:01:33+00:00\",\"dateModified\":\"2026-03-09T18:41:36+00:00\",\"breadcrumb\":{\"@id\":\"https:\\\/\\\/atlasveterans.ca\\\/fr\\\/perspectives\\\/ce-netait-pas-lui-qui-parlait-cetait-le-tspt-le-parcours-dune-conjointe-de-la-grc\\\/#breadcrumb\"},\"inLanguage\":\"fr-FR\",\"potentialAction\":[{\"@type\":\"ReadAction\",\"target\":[\"https:\\\/\\\/atlasveterans.ca\\\/fr\\\/perspectives\\\/ce-netait-pas-lui-qui-parlait-cetait-le-tspt-le-parcours-dune-conjointe-de-la-grc\\\/\"]}]},{\"@type\":\"ImageObject\",\"inLanguage\":\"fr-FR\",\"@id\":\"https:\\\/\\\/atlasveterans.ca\\\/fr\\\/perspectives\\\/ce-netait-pas-lui-qui-parlait-cetait-le-tspt-le-parcours-dune-conjointe-de-la-grc\\\/#primaryimage\",\"url\":\"https:\\\/\\\/atlasveterans.ca\\\/wp-content\\\/uploads\\\/2024\\\/08\\\/tanis-2048x1024-3.png\",\"contentUrl\":\"https:\\\/\\\/atlasveterans.ca\\\/wp-content\\\/uploads\\\/2024\\\/08\\\/tanis-2048x1024-3.png\",\"width\":4343,\"height\":2134},{\"@type\":\"BreadcrumbList\",\"@id\":\"https:\\\/\\\/atlasveterans.ca\\\/fr\\\/perspectives\\\/ce-netait-pas-lui-qui-parlait-cetait-le-tspt-le-parcours-dune-conjointe-de-la-grc\\\/#breadcrumb\",\"itemListElement\":[{\"@type\":\"ListItem\",\"position\":1,\"name\":\"Institut Atlas pour les v\u00e9t\u00e9rans et leur famille\",\"item\":\"https:\\\/\\\/atlasveterans.ca\\\/fr\\\/\"},{\"@type\":\"ListItem\",\"position\":2,\"name\":\"\u00ab Ce n\u2019\u00e9tait pas lui qui parlait; c\u2019\u00e9tait le TSPT \u00bb : Le parcours d&#8217;une conjointe de la GRC\"}]},{\"@type\":\"WebSite\",\"@id\":\"https:\\\/\\\/atlasveterans.ca\\\/fr\\\/#website\",\"url\":\"https:\\\/\\\/atlasveterans.ca\\\/fr\\\/\",\"name\":\"Institut Atlas pour les v\u00e9t\u00e9rans et leur famille\",\"description\":\"Get resources, find support\",\"publisher\":{\"@id\":\"https:\\\/\\\/atlasveterans.ca\\\/fr\\\/#organization\"},\"potentialAction\":[{\"@type\":\"SearchAction\",\"target\":{\"@type\":\"EntryPoint\",\"urlTemplate\":\"https:\\\/\\\/atlasveterans.ca\\\/fr\\\/?s={search_term_string}\"},\"query-input\":{\"@type\":\"PropertyValueSpecification\",\"valueRequired\":true,\"valueName\":\"search_term_string\"}}],\"inLanguage\":\"fr-FR\"},{\"@type\":\"Organization\",\"@id\":\"https:\\\/\\\/atlasveterans.ca\\\/fr\\\/#organization\",\"name\":\"Atlas Institute For Veterans and Families\",\"url\":\"https:\\\/\\\/atlasveterans.ca\\\/fr\\\/\",\"logo\":{\"@type\":\"ImageObject\",\"inLanguage\":\"fr-FR\",\"@id\":\"https:\\\/\\\/atlasveterans.ca\\\/fr\\\/#\\\/schema\\\/logo\\\/image\\\/\",\"url\":\"https:\\\/\\\/atlasveterans.ca\\\/wp-content\\\/uploads\\\/2022\\\/03\\\/logo-withbg-eng-1.jpg\",\"contentUrl\":\"https:\\\/\\\/atlasveterans.ca\\\/wp-content\\\/uploads\\\/2022\\\/03\\\/logo-withbg-eng-1.jpg\",\"width\":800,\"height\":400,\"caption\":\"Atlas Institute For Veterans and Families\"},\"image\":{\"@id\":\"https:\\\/\\\/atlasveterans.ca\\\/fr\\\/#\\\/schema\\\/logo\\\/image\\\/\"},\"sameAs\":[\"https:\\\/\\\/www.facebook.com\\\/atlasveteransca\",\"https:\\\/\\\/x.com\\\/atlasveteransca\",\"https:\\\/\\\/www.instagram.com\\\/atlasveteransca\\\/\",\"https:\\\/\\\/www.linkedin.com\\\/company\\\/atlasveteransca\\\/\",\"https:\\\/\\\/www.youtube.com\\\/atlasveteransca\"]},{\"@type\":\"Person\",\"@id\":\"https:\\\/\\\/atlasveterans.ca\\\/fr\\\/#\\\/schema\\\/person\\\/36709969520014f94b705cf2f635d944\",\"name\":\"atlas_admin\",\"image\":{\"@type\":\"ImageObject\",\"inLanguage\":\"fr-FR\",\"@id\":\"https:\\\/\\\/secure.gravatar.com\\\/avatar\\\/8aa794e59a36c91dff9d3299c5eaad8fc61361b60d9d1c9d07c007ea5d98a165?s=96&d=mm&r=g\",\"url\":\"https:\\\/\\\/secure.gravatar.com\\\/avatar\\\/8aa794e59a36c91dff9d3299c5eaad8fc61361b60d9d1c9d07c007ea5d98a165?s=96&d=mm&r=g\",\"contentUrl\":\"https:\\\/\\\/secure.gravatar.com\\\/avatar\\\/8aa794e59a36c91dff9d3299c5eaad8fc61361b60d9d1c9d07c007ea5d98a165?s=96&d=mm&r=g\",\"caption\":\"atlas_admin\"}}]}<\/script>\n<!-- \/ Yoast SEO plugin. -->","yoast_head_json":{"title":"\u00ab Ce n\u2019\u00e9tait pas lui qui parlait; c\u2019\u00e9tait le TSPT \u00bb : Le parcours d'une conjointe de la GRC &#183; Institut Atlas pour les v\u00e9t\u00e9rans et leur famille","robots":{"index":"index","follow":"follow","max-snippet":"max-snippet:-1","max-image-preview":"max-image-preview:large","max-video-preview":"max-video-preview:-1"},"canonical":"https:\/\/atlasveterans.ca\/fr\/perspectives\/ce-netait-pas-lui-qui-parlait-cetait-le-tspt-le-parcours-dune-conjointe-de-la-grc\/","og_locale":"fr_FR","og_type":"article","og_title":"\u00ab Ce n\u2019\u00e9tait pas lui qui parlait; c\u2019\u00e9tait le TSPT \u00bb : Le parcours d'une conjointe de la GRC &#183; Institut Atlas pour les v\u00e9t\u00e9rans et leur famille","og_description":"[vc_row row_padding_bottom=\u00a0\u00bbsmall\u00a0\u00bb][vc_column][vc_column_text css=\u00a0\u00bb\u00a0\u00bb]Avec le recul, je peux reconna\u00eetre que le trouble de stress post-traumatique (TSPT) a commenc\u00e9 \u00e0 faire partie de ma vie au moment o\u00f9 mon mari s&rsquo;est engag\u00e9 dans la Gendarmerie royale du Canada (GRC). Au cours de son premier mois de travail, une personne s&rsquo;est violemment suicid\u00e9e sur la pelouse du d\u00e9tachement...","og_url":"https:\/\/atlasveterans.ca\/fr\/perspectives\/ce-netait-pas-lui-qui-parlait-cetait-le-tspt-le-parcours-dune-conjointe-de-la-grc\/","og_site_name":"Institut Atlas pour les v\u00e9t\u00e9rans et leur famille","article_publisher":"https:\/\/www.facebook.com\/atlasveteransca","article_published_time":"2024-08-15T14:01:33+00:00","article_modified_time":"2026-03-09T18:41:36+00:00","og_image":[{"width":1024,"height":503,"url":"https:\/\/atlasveterans.ca\/wp-content\/uploads\/2024\/08\/tanis-2048x1024-3-1024x503.png","type":"image\/png"}],"author":"atlas_admin","twitter_card":"summary_large_image","twitter_creator":"@atlasveteransca","twitter_site":"@atlasveteransca","twitter_misc":{"\u00c9crit par":"atlas_admin","Dur\u00e9e de lecture estim\u00e9e":"6 minutes"},"schema":{"@context":"https:\/\/schema.org","@graph":[{"@type":"Article","@id":"https:\/\/atlasveterans.ca\/fr\/perspectives\/ce-netait-pas-lui-qui-parlait-cetait-le-tspt-le-parcours-dune-conjointe-de-la-grc\/#article","isPartOf":{"@id":"https:\/\/atlasveterans.ca\/fr\/perspectives\/ce-netait-pas-lui-qui-parlait-cetait-le-tspt-le-parcours-dune-conjointe-de-la-grc\/"},"author":{"name":"atlas_admin","@id":"https:\/\/atlasveterans.ca\/fr\/#\/schema\/person\/36709969520014f94b705cf2f635d944"},"headline":"\u00ab Ce n\u2019\u00e9tait pas lui qui parlait; c\u2019\u00e9tait le TSPT \u00bb : Le parcours d&rsquo;une conjointe de la GRC","datePublished":"2024-08-15T14:01:33+00:00","dateModified":"2026-03-09T18:41:36+00:00","mainEntityOfPage":{"@id":"https:\/\/atlasveterans.ca\/fr\/perspectives\/ce-netait-pas-lui-qui-parlait-cetait-le-tspt-le-parcours-dune-conjointe-de-la-grc\/"},"wordCount":1284,"commentCount":0,"publisher":{"@id":"https:\/\/atlasveterans.ca\/fr\/#organization"},"image":{"@id":"https:\/\/atlasveterans.ca\/fr\/perspectives\/ce-netait-pas-lui-qui-parlait-cetait-le-tspt-le-parcours-dune-conjointe-de-la-grc\/#primaryimage"},"thumbnailUrl":"https:\/\/atlasveterans.ca\/wp-content\/uploads\/2024\/08\/tanis-2048x1024-3.png","articleSection":["Blogue"],"inLanguage":"fr-FR","potentialAction":[{"@type":"CommentAction","name":"Comment","target":["https:\/\/atlasveterans.ca\/fr\/perspectives\/ce-netait-pas-lui-qui-parlait-cetait-le-tspt-le-parcours-dune-conjointe-de-la-grc\/#respond"]}]},{"@type":"WebPage","@id":"https:\/\/atlasveterans.ca\/fr\/perspectives\/ce-netait-pas-lui-qui-parlait-cetait-le-tspt-le-parcours-dune-conjointe-de-la-grc\/","url":"https:\/\/atlasveterans.ca\/fr\/perspectives\/ce-netait-pas-lui-qui-parlait-cetait-le-tspt-le-parcours-dune-conjointe-de-la-grc\/","name":"\u00ab Ce n\u2019\u00e9tait pas lui qui parlait; c\u2019\u00e9tait le TSPT \u00bb : Le parcours d'une conjointe de la GRC &#183; Institut Atlas pour les v\u00e9t\u00e9rans et leur famille","isPartOf":{"@id":"https:\/\/atlasveterans.ca\/fr\/#website"},"primaryImageOfPage":{"@id":"https:\/\/atlasveterans.ca\/fr\/perspectives\/ce-netait-pas-lui-qui-parlait-cetait-le-tspt-le-parcours-dune-conjointe-de-la-grc\/#primaryimage"},"image":{"@id":"https:\/\/atlasveterans.ca\/fr\/perspectives\/ce-netait-pas-lui-qui-parlait-cetait-le-tspt-le-parcours-dune-conjointe-de-la-grc\/#primaryimage"},"thumbnailUrl":"https:\/\/atlasveterans.ca\/wp-content\/uploads\/2024\/08\/tanis-2048x1024-3.png","datePublished":"2024-08-15T14:01:33+00:00","dateModified":"2026-03-09T18:41:36+00:00","breadcrumb":{"@id":"https:\/\/atlasveterans.ca\/fr\/perspectives\/ce-netait-pas-lui-qui-parlait-cetait-le-tspt-le-parcours-dune-conjointe-de-la-grc\/#breadcrumb"},"inLanguage":"fr-FR","potentialAction":[{"@type":"ReadAction","target":["https:\/\/atlasveterans.ca\/fr\/perspectives\/ce-netait-pas-lui-qui-parlait-cetait-le-tspt-le-parcours-dune-conjointe-de-la-grc\/"]}]},{"@type":"ImageObject","inLanguage":"fr-FR","@id":"https:\/\/atlasveterans.ca\/fr\/perspectives\/ce-netait-pas-lui-qui-parlait-cetait-le-tspt-le-parcours-dune-conjointe-de-la-grc\/#primaryimage","url":"https:\/\/atlasveterans.ca\/wp-content\/uploads\/2024\/08\/tanis-2048x1024-3.png","contentUrl":"https:\/\/atlasveterans.ca\/wp-content\/uploads\/2024\/08\/tanis-2048x1024-3.png","width":4343,"height":2134},{"@type":"BreadcrumbList","@id":"https:\/\/atlasveterans.ca\/fr\/perspectives\/ce-netait-pas-lui-qui-parlait-cetait-le-tspt-le-parcours-dune-conjointe-de-la-grc\/#breadcrumb","itemListElement":[{"@type":"ListItem","position":1,"name":"Institut Atlas pour les v\u00e9t\u00e9rans et leur famille","item":"https:\/\/atlasveterans.ca\/fr\/"},{"@type":"ListItem","position":2,"name":"\u00ab Ce n\u2019\u00e9tait pas lui qui parlait; c\u2019\u00e9tait le TSPT \u00bb : Le parcours d&#8217;une conjointe de la GRC"}]},{"@type":"WebSite","@id":"https:\/\/atlasveterans.ca\/fr\/#website","url":"https:\/\/atlasveterans.ca\/fr\/","name":"Institut Atlas pour les v\u00e9t\u00e9rans et leur famille","description":"Get resources, find support","publisher":{"@id":"https:\/\/atlasveterans.ca\/fr\/#organization"},"potentialAction":[{"@type":"SearchAction","target":{"@type":"EntryPoint","urlTemplate":"https:\/\/atlasveterans.ca\/fr\/?s={search_term_string}"},"query-input":{"@type":"PropertyValueSpecification","valueRequired":true,"valueName":"search_term_string"}}],"inLanguage":"fr-FR"},{"@type":"Organization","@id":"https:\/\/atlasveterans.ca\/fr\/#organization","name":"Atlas Institute For Veterans and Families","url":"https:\/\/atlasveterans.ca\/fr\/","logo":{"@type":"ImageObject","inLanguage":"fr-FR","@id":"https:\/\/atlasveterans.ca\/fr\/#\/schema\/logo\/image\/","url":"https:\/\/atlasveterans.ca\/wp-content\/uploads\/2022\/03\/logo-withbg-eng-1.jpg","contentUrl":"https:\/\/atlasveterans.ca\/wp-content\/uploads\/2022\/03\/logo-withbg-eng-1.jpg","width":800,"height":400,"caption":"Atlas Institute For Veterans and Families"},"image":{"@id":"https:\/\/atlasveterans.ca\/fr\/#\/schema\/logo\/image\/"},"sameAs":["https:\/\/www.facebook.com\/atlasveteransca","https:\/\/x.com\/atlasveteransca","https:\/\/www.instagram.com\/atlasveteransca\/","https:\/\/www.linkedin.com\/company\/atlasveteransca\/","https:\/\/www.youtube.com\/atlasveteransca"]},{"@type":"Person","@id":"https:\/\/atlasveterans.ca\/fr\/#\/schema\/person\/36709969520014f94b705cf2f635d944","name":"atlas_admin","image":{"@type":"ImageObject","inLanguage":"fr-FR","@id":"https:\/\/secure.gravatar.com\/avatar\/8aa794e59a36c91dff9d3299c5eaad8fc61361b60d9d1c9d07c007ea5d98a165?s=96&d=mm&r=g","url":"https:\/\/secure.gravatar.com\/avatar\/8aa794e59a36c91dff9d3299c5eaad8fc61361b60d9d1c9d07c007ea5d98a165?s=96&d=mm&r=g","contentUrl":"https:\/\/secure.gravatar.com\/avatar\/8aa794e59a36c91dff9d3299c5eaad8fc61361b60d9d1c9d07c007ea5d98a165?s=96&d=mm&r=g","caption":"atlas_admin"}}]}},"_links":{"self":[{"href":"https:\/\/atlasveterans.ca\/fr\/wp-json\/wp\/v2\/posts\/20969","targetHints":{"allow":["GET"]}}],"collection":[{"href":"https:\/\/atlasveterans.ca\/fr\/wp-json\/wp\/v2\/posts"}],"about":[{"href":"https:\/\/atlasveterans.ca\/fr\/wp-json\/wp\/v2\/types\/post"}],"author":[{"embeddable":true,"href":"https:\/\/atlasveterans.ca\/fr\/wp-json\/wp\/v2\/users\/3"}],"replies":[{"embeddable":true,"href":"https:\/\/atlasveterans.ca\/fr\/wp-json\/wp\/v2\/comments?post=20969"}],"version-history":[{"count":5,"href":"https:\/\/atlasveterans.ca\/fr\/wp-json\/wp\/v2\/posts\/20969\/revisions"}],"predecessor-version":[{"id":29852,"href":"https:\/\/atlasveterans.ca\/fr\/wp-json\/wp\/v2\/posts\/20969\/revisions\/29852"}],"wp:featuredmedia":[{"embeddable":true,"href":"https:\/\/atlasveterans.ca\/fr\/wp-json\/wp\/v2\/media\/20985"}],"wp:attachment":[{"href":"https:\/\/atlasveterans.ca\/fr\/wp-json\/wp\/v2\/media?parent=20969"}],"wp:term":[{"taxonomy":"category","embeddable":true,"href":"https:\/\/atlasveterans.ca\/fr\/wp-json\/wp\/v2\/categories?post=20969"},{"taxonomy":"post_tag","embeddable":true,"href":"https:\/\/atlasveterans.ca\/fr\/wp-json\/wp\/v2\/tags?post=20969"}],"curies":[{"name":"wp","href":"https:\/\/api.w.org\/{rel}","templated":true}]}}